{"id":53,"date":"2015-04-10T17:31:53","date_gmt":"2015-04-10T16:31:53","guid":{"rendered":"http:\/\/2017.automnemusicalduvesinet.fr\/?p=53"},"modified":"2017-07-11T16:44:29","modified_gmt":"2017-07-11T15:44:29","slug":"slider","status":"publish","type":"post","link":"http:\/\/2017.automnemusicalduvesinet.fr\/?p=53","title":{"rendered":"Festival \u00abAutomne Musical du V\u00e9sinet\u00bb"},"content":{"rendered":"<p style=\"text-align: center;\"><a href=\"http:\/\/2017.automnemusicalduvesinet.fr\/wp-content\/uploads\/2015\/04\/logos-Esprit-Vesinet.png\"><img loading=\"lazy\" class=\"alignnone size-medium wp-image-876\" src=\"http:\/\/2017.automnemusicalduvesinet.fr\/wp-content\/uploads\/2015\/04\/logos-Esprit-Vesinet-300x106.png\" alt=\"logos Esprit + Vesinet\" width=\"300\" height=\"106\" srcset=\"http:\/\/2017.automnemusicalduvesinet.fr\/wp-content\/uploads\/2015\/04\/logos-Esprit-Vesinet-300x106.png 300w, http:\/\/2017.automnemusicalduvesinet.fr\/wp-content\/uploads\/2015\/04\/logos-Esprit-Vesinet.png 412w\" sizes=\"(max-width: 300px) 100vw, 300px\" \/><\/a><\/p>\n<p><span style=\"font-size: 16px;\">L\u2019association <b>l\u2019Esprit musical du V\u00e9sinet<\/b>, soutenue par la <b>Ville du V\u00e9sinet, <\/b>dans une volont\u00e9 de participer \u00e0 la restauration, \u00e0 la conservation et \u00e0 la reconnaissance de son patrimoine, a cr\u00e9\u00e9 en 2015\u00a0<b>un festival musical annuel <\/b>de niveau international, en <strong><a href=\"http:\/\/2017.automnemusicalduvesinet.fr\/leglise\/\">l&#8217;\u00e9glise Sainte-Marguerite du V\u00e9sinet<\/a><\/strong>.<\/span><\/p>\n<p><span style=\"font-size: 16px;\">Les dates retenues pour cette troisi\u00e8me \u00e9dition sont les <b>vendredi 13, samedi 14 et dimanche 15 octobre 2017.<\/b><\/span><\/p>\n<p><span style=\"font-size: 16px;\">L\u2019\u00e9glise Sainte Marguerite<b>,\u00a0<\/b>dont la Ville a achev\u00e9 en 2016 la restauration du ch\u0153ur, des chapelles et du d\u00e9ambulatoire d\u00e9cor\u00e9s\u00a0par <a href=\"http:\/\/2017.automnemusicalduvesinet.fr\/page-d-exemple\/\"><strong>Maurice Denis<\/strong><\/a>, a c\u00e9l\u00e9br\u00e9 le 150e anniversaire de sa cons\u00e9cration. Ce monument, d\u00e9sormais class\u00e9 <strong>Monument Historique<\/strong> depuis avril 2016, est au c\u0153ur du patrimoine culturel du V\u00e9sinet, et constitue le lieu tout indiqu\u00e9 pour accueillir cette manifestation prestigieuse, dont les deux premi\u00e8res \u00e9ditions ont rencontr\u00e9 un franc succ\u00e8s. <b>Elle peut recevoir 800 personnes.<\/b><\/span><\/p>\n<p><span style=\"font-size: 16px;\">Une <b>programmation accessible<\/b>, dans un <b>cadre exceptionnel <\/b>avec des <b>interpr\u00e8tes de tr\u00e8s haut niveau<\/b> et une tarification adapt\u00e9e feront de cet \u00e9v\u00e9nement un <b>rendez-vous incontournable.<\/b><\/span><\/p>\n<p><span style=\"font-size: 16px;\"><strong>R\u00e9servations en ligne <\/strong><a href=\"http:\/\/www.fnacspectacles.com\/place-spectacle\/festival\/AUTOMNE-MUSICAL-DU-VESINET-FESTVESI5A.htm#ficheChoixSeance\" target=\"_blank\" rel=\"noopener\">en cliquant sur ce lien,<\/a>\u00a0ou \u00e0 la billetterie de la FNAC.<\/span><\/p>\n<p>&nbsp;<\/p>\n","protected":false},"excerpt":{"rendered":"<p>L\u2019association l\u2019Esprit musical du V\u00e9sinet, soutenue par la Ville du V\u00e9sinet, dans une volont\u00e9 de participer \u00e0 la restauration, \u00e0 la conservation et \u00e0 la reconnaissance de son patrimoine, a cr\u00e9\u00e9 en 2015\u00a0un festival musical annuel de niveau international, en l&#8217;\u00e9glise Sainte-Marguerite du V\u00e9sinet. Les dates retenues pour cette troisi\u00e8me \u00e9dition sont les vendredi 13, samedi 14 et dimanche 15 octobre 2017. L\u2019\u00e9glise Sainte Marguerite,\u00a0dont la Ville a achev\u00e9 en 2016 la restauration du ch\u0153ur, <a href=\"http:\/\/2017.automnemusicalduvesinet.fr\/?p=53\"> <\/a><\/p>\n","protected":false},"author":1,"featured_media":0,"comment_status":"closed","ping_status":"open","sticky":false,"template":"","format":"standard","meta":[],"categories":[2],"tags":[19,20,9,14,7,8,17,18],"_links":{"self":[{"href":"http:\/\/2017.automnemusicalduvesinet.fr\/index.php?rest_route=\/wp\/v2\/posts\/53"}],"collection":[{"href":"http:\/\/2017.automnemusicalduvesinet.fr\/index.php?rest_route=\/wp\/v2\/posts"}],"about":[{"href":"http:\/\/2017.automnemusicalduvesinet.fr\/index.php?rest_route=\/wp\/v2\/types\/post"}],"author":[{"embeddable":true,"href":"http:\/\/2017.automnemusicalduvesinet.fr\/index.php?rest_route=\/wp\/v2\/users\/1"}],"replies":[{"embeddable":true,"href":"http:\/\/2017.automnemusicalduvesinet.fr\/index.php?rest_route=%2Fwp%2Fv2%2Fcomments&post=53"}],"version-history":[{"count":40,"href":"http:\/\/2017.automnemusicalduvesinet.fr\/index.php?rest_route=\/wp\/v2\/posts\/53\/revisions"}],"predecessor-version":[{"id":965,"href":"http:\/\/2017.automnemusicalduvesinet.fr\/index.php?rest_route=\/wp\/v2\/posts\/53\/revisions\/965"}],"wp:attachment":[{"href":"http:\/\/2017.automnemusicalduvesinet.fr\/index.php?rest_route=%2Fwp%2Fv2%2Fmedia&parent=53"}],"wp:term":[{"taxonomy":"category","embeddable":true,"href":"http:\/\/2017.automnemusicalduvesinet.fr\/index.php?rest_route=%2Fwp%2Fv2%2Fcategories&post=53"},{"taxonomy":"post_tag","embeddable":true,"href":"http:\/\/2017.automnemusicalduvesinet.fr\/index.php?rest_route=%2Fwp%2Fv2%2Ftags&post=53"}],"curies":[{"name":"wp","href":"https:\/\/api.w.org\/{rel}","templated":true}]}}