{"id":131,"date":"2015-03-29T09:26:11","date_gmt":"2015-03-29T08:26:11","guid":{"rendered":"http:\/\/2017.automnemusicalduvesinet.fr\/?p=131"},"modified":"2017-09-28T16:14:08","modified_gmt":"2017-09-28T15:14:08","slug":"programme-du-vendredi","status":"publish","type":"post","link":"http:\/\/2017.automnemusicalduvesinet.fr\/?p=131","title":{"rendered":"Vendredi 13 octobre \u00e0 20h30"},"content":{"rendered":"<h2><strong>En l&#8217;\u00e9glise Sainte-Marguerite<\/strong><\/h2>\n<p>&nbsp;<\/p>\n<p style=\"text-align: center;\"><strong><span style=\"font-size: 20px;\">MUSIQUES DE LA GRANDE GUERRE<\/span><\/strong><\/p>\n<p><span style=\"font-size: 16px;\">Comme tous les ans, le premier jour du festival sera consacr\u00e9 \u00e0 la musique fran\u00e7aise, cette ann\u00e9e du d\u00e9but du XXe si\u00e8cle.<\/span><\/p>\n<p><span style=\"font-size: 16px;\">Avec Satie, Honegger et Ravel le programme s\u2019\u00e9loigne un peu de la belle \u00e9poque pour une p\u00e9riode plus \u00ab\u00a0contemporaine\u00a0\u00bb.<\/span><\/p>\n<p><span style=\"font-size: 16px;\">L\u2019\u0153uvre et la pens\u00e9e de Maurice Denis, mises en parall\u00e8le avec son go\u00fbt pour la musique, sont confront\u00e9es \u00e0 l\u2019\u0153uvre et \u00e0 l\u2019esth\u00e9tique des musiciens qui ont v\u00e9cu la grande guerre.<\/span><\/p>\n<p><span style=\"font-size: 16px;\"><strong>Satie\u00a0<\/strong>: Les 3 gnossiennes<\/span><\/p>\n<p><span style=\"font-size: 16px;\">Les trois gnossiennes sont au programme non seulement des pianistes amateurs mais aussi des plus grands interpr\u00e8tes, qui peuvent montrer leur pr\u00e9cision et leur d\u00e9licatesse. Mozart n\u2019aurait certainement pas dit \u00ab\u00a0trop de notes\u00a0\u00bb.<\/span><\/p>\n<p><span style=\"font-size: 16px;\"><strong>Ravel\u00a0<\/strong>:\u00a0Pr\u00e9lude pour piano, suivi de \u00c0 la mani\u00e8re d&#8217;Emmanuel Chabrier<\/span><\/p>\n<p><span style=\"font-size: 16px;\">Le pr\u00e9lude, pi\u00e8ce \u00e9nigmatique et assez peu jou\u00e9e, a \u00e9t\u00e9 compos\u00e9 par Ravel pour l&#8217;exercice de lecture musicale du Conservatoire de Paris de 1913. C&#8217;est un de ces morceaux atmosph\u00e9riques dont Ravel a le secret, et dont la simplicit\u00e9 apparente cache la complexit\u00e9.<\/span><\/p>\n<p><span style=\"font-size: 16px;\"><strong>Honegger\u00a0<\/strong>: Sonate pour violon et violoncelle de<\/span><\/p>\n<p><span style=\"font-size: 16px;\">Membre du groupe des Six avec Darius Milhaud et Georges Auric, Honegger\u00a0 n\u2019a pas, dit-il lui-m\u00eame, le go\u00fbt de la foire ou du music-hall\u00a0; l\u2019architecture rigoureuse de cette sonate illustre cette esth\u00e9tique.<\/span><\/p>\n<p><span style=\"font-size: 16px;\"><strong>Ravel\u00a0<\/strong>: Trio pour violon, violoncelle et piano<\/span><\/p>\n<p><span style=\"font-size: 16px;\">La pi\u00e8ce est compos\u00e9e en 1915 alors que Ravel est, \u00e0 force de d\u00e9marches, engag\u00e9 volontaire. Il a alors le courage d\u2019\u00e9crire en 1916\u00a0: peu m\u2019importe que Schoenberg soit de nationalit\u00e9 autrichienne. Le trio porte la marque de cette g\u00e9n\u00e9rosit\u00e9.<\/span><\/p>\n<p>&nbsp;<\/p>\n<hr \/>\n<p style=\"text-align: center;\"><span style=\"font-size: 20px;\"><strong>LE PROGRAMME<\/strong><\/span><\/p>\n<table style=\"height: 270px; width: 650px;\" cellpadding=\"0\">\n<tbody>\n<tr style=\"height: 30px;\">\n<td style=\"width: 626px; text-align: center; height: 30px;\" colspan=\"3\"><span style=\"font-size: 20px;\">Concert de musique de chambre<\/span><\/td>\n<\/tr>\n<tr style=\"height: 30px;\">\n<td style=\"width: 280px; text-align: left; height: 30px;\"><span style=\"font-size: 16px;\"><strong>PREMI\u00c8RE PARTIE<\/strong><\/span><\/td>\n<td style=\"width: 89px; height: 30px;\"><\/td>\n<td style=\"width: 257px; height: 30px;\"><span style=\"font-size: 16px;\"><strong>SECONDE PARTIE<\/strong><\/span><\/td>\n<\/tr>\n<tr style=\"height: 150px;\">\n<td style=\"width: 164px; height: 150px; vertical-align: middle;\"><span style=\"font-size: 16px;\"><span style=\"font-size: 16px;\"><strong>Satie<\/strong><br \/>\nLes Gnossiennes N\u00b01, 2, 3<\/span><\/span><\/p>\n<p><span style=\"font-size: 16px;\"><strong>Ravel<\/strong><\/span><br \/>\n<span style=\"font-size: 16px;\"> Pr\u00e9lude pour piano<\/span><br \/>\n<span style=\"font-size: 16px;\"> \u00c0 la mani\u00e8re d&#8217;Emmanuel Chabrier<\/span><\/p>\n<p><span style=\"font-size: 16px;\"><strong>Honegger<\/strong><\/span><br \/>\n<span style=\"font-size: 16px;\"> Sonate pour violon et violoncelle<\/span><\/td>\n<td style=\"width: 89px; vertical-align: middle; text-align: left; height: 150px;\"><span style=\"font-size: 16px;\"><strong>pause<\/strong><\/span><\/td>\n<td style=\"width: 134px; vertical-align: middle; height: 150px;\"><span style=\"font-size: 16px;\"><strong>Ravel<\/strong><br \/>\nTrio pour piano, violon et violoncelle <\/span><\/td>\n<\/tr>\n<tr style=\"height: 140px;\">\n<td style=\"width: 626px; text-align: center; height: 140px;\" colspan=\"3\"><span style=\"font-size: 16px;\"><span style=\"font-size: 16px;\"><strong>Vadim Tchijik,\u00a0<\/strong><em>violon<\/em><strong><br \/>\nFabrice Loyal, <\/strong><em>violoncelles<\/em><\/span><\/span><span style=\"font-size: 12px;\">Avec la participation de<\/span><br \/>\n<span style=\"font-size: 16px;\"><strong>Bertrand Giraud,\u00a0<\/strong><em>piano<\/em> <\/span><\/td>\n<\/tr>\n<\/tbody>\n<\/table>\n<hr \/>\n<p style=\"text-align: center;\"><span style=\"font-size: 20px;\"><strong>LES ARTISTES<\/strong><\/span><\/p>\n<table style=\"height: 224px;\" width=\"653\">\n<tbody>\n<tr>\n<td style=\"text-align: center; vertical-align: top;\"><a href=\"http:\/\/2017.automnemusicalduvesinet.fr\/wp-content\/uploads\/2017\/07\/Vadim-Tchijik.jpg\"><img loading=\"lazy\" class=\"aligncenter wp-image-948 size-medium\" style=\"border: 1px solid #000000;\" src=\"http:\/\/2017.automnemusicalduvesinet.fr\/wp-content\/uploads\/2017\/07\/Vadim-Tchijik-225x300.jpg\" alt=\"\" width=\"206\" height=\"275\" srcset=\"http:\/\/2017.automnemusicalduvesinet.fr\/wp-content\/uploads\/2017\/07\/Vadim-Tchijik-225x300.jpg 225w, http:\/\/2017.automnemusicalduvesinet.fr\/wp-content\/uploads\/2017\/07\/Vadim-Tchijik.jpg 600w\" sizes=\"(max-width: 206px) 100vw, 206px\" \/><\/a><\/p>\n<p style=\"text-align: center;\"><span style=\"font-size: 16px;\"><a href=\"http:\/\/www.vadimtchijik.com\/\" target=\"_blank\" rel=\"noopener\">Vadim Tchijik<\/a> <\/span><\/p>\n<\/td>\n<td style=\"text-align: center; vertical-align: top;\"><a href=\"http:\/\/2017.automnemusicalduvesinet.fr\/wp-content\/uploads\/2015\/03\/Fabrice-Loyal-sm.jpg\"><img loading=\"lazy\" class=\"wp-image-767 aligncenter\" style=\"border: 1px solid #000000;\" src=\"http:\/\/2017.automnemusicalduvesinet.fr\/wp-content\/uploads\/2015\/03\/Fabrice-Loyal-sm-225x300.jpg\" alt=\"Fabrice Loyal-sm\" width=\"206\" height=\"275\" srcset=\"http:\/\/2017.automnemusicalduvesinet.fr\/wp-content\/uploads\/2015\/03\/Fabrice-Loyal-sm-225x300.jpg 225w, http:\/\/2017.automnemusicalduvesinet.fr\/wp-content\/uploads\/2015\/03\/Fabrice-Loyal-sm.jpg 300w\" sizes=\"(max-width: 206px) 100vw, 206px\" \/><\/a><\/p>\n<p style=\"text-align: center;\"><span style=\"font-size: 16px;\">Fabrice Loyal<\/span><\/p>\n<\/td>\n<td style=\"text-align: center; vertical-align: top;\"><a href=\"http:\/\/2017.automnemusicalduvesinet.fr\/wp-content\/uploads\/2017\/09\/Bertrand-Giraud.jpg\"><img loading=\"lazy\" class=\"aligncenter wp-image-1037\" style=\"border: 1px solid #000000;\" src=\"http:\/\/2017.automnemusicalduvesinet.fr\/wp-content\/uploads\/2017\/09\/Bertrand-Giraud-225x300.jpg\" alt=\"\" width=\"207\" height=\"275\" srcset=\"http:\/\/2017.automnemusicalduvesinet.fr\/wp-content\/uploads\/2017\/09\/Bertrand-Giraud-225x300.jpg 225w, http:\/\/2017.automnemusicalduvesinet.fr\/wp-content\/uploads\/2017\/09\/Bertrand-Giraud.jpg 314w\" sizes=\"(max-width: 207px) 100vw, 207px\" \/><\/a><\/p>\n<p style=\"text-align: center;\"><span style=\"font-size: 16px;\">Bertrand Giraud<\/span><\/p>\n<\/td>\n<\/tr>\n<\/tbody>\n<\/table>\n<p>&nbsp;<\/p>\n","protected":false},"excerpt":{"rendered":"<p><strong>\u00ab Musiques de la Grande Guerre \u00bb<\/strong><br \/>Concert de musique de chambre de compositeurs Fran\u00e7ais du XX\u00e8me si\u00e8cle, Satie, Ravel, Honegger&#8230;<\/p>\n","protected":false},"author":1,"featured_media":0,"comment_status":"closed","ping_status":"open","sticky":false,"template":"","format":"standard","meta":[],"categories":[6],"tags":[16,15,9,14,7,8,13],"_links":{"self":[{"href":"http:\/\/2017.automnemusicalduvesinet.fr\/index.php?rest_route=\/wp\/v2\/posts\/131"}],"collection":[{"href":"http:\/\/2017.automnemusicalduvesinet.fr\/index.php?rest_route=\/wp\/v2\/posts"}],"about":[{"href":"http:\/\/2017.automnemusicalduvesinet.fr\/index.php?rest_route=\/wp\/v2\/types\/post"}],"author":[{"embeddable":true,"href":"http:\/\/2017.automnemusicalduvesinet.fr\/index.php?rest_route=\/wp\/v2\/users\/1"}],"replies":[{"embeddable":true,"href":"http:\/\/2017.automnemusicalduvesinet.fr\/index.php?rest_route=%2Fwp%2Fv2%2Fcomments&post=131"}],"version-history":[{"count":56,"href":"http:\/\/2017.automnemusicalduvesinet.fr\/index.php?rest_route=\/wp\/v2\/posts\/131\/revisions"}],"predecessor-version":[{"id":1047,"href":"http:\/\/2017.automnemusicalduvesinet.fr\/index.php?rest_route=\/wp\/v2\/posts\/131\/revisions\/1047"}],"wp:attachment":[{"href":"http:\/\/2017.automnemusicalduvesinet.fr\/index.php?rest_route=%2Fwp%2Fv2%2Fmedia&parent=131"}],"wp:term":[{"taxonomy":"category","embeddable":true,"href":"http:\/\/2017.automnemusicalduvesinet.fr\/index.php?rest_route=%2Fwp%2Fv2%2Fcategories&post=131"},{"taxonomy":"post_tag","embeddable":true,"href":"http:\/\/2017.automnemusicalduvesinet.fr\/index.php?rest_route=%2Fwp%2Fv2%2Ftags&post=131"}],"curies":[{"name":"wp","href":"https:\/\/api.w.org\/{rel}","templated":true}]}}